{"id":767,"date":"2024-11-12T10:48:01","date_gmt":"2024-11-12T09:48:01","guid":{"rendered":"https:\/\/www.le3querce.com\/?p=767"},"modified":"2025-02-27T08:42:22","modified_gmt":"2025-02-27T07:42:22","slug":"riabilitazione-equestre","status":"publish","type":"post","link":"https:\/\/www.le3querce.com\/?p=767","title":{"rendered":"Attivit\u00e0 assistita con il cavallo"},"content":{"rendered":"\n<p>E\u2019 un tipo di attivit\u00e0 assistita con caratteristiche del tutto peculiari sia per il mezzo impiegato ( il cavallo) , sia per la modalit\u00e0 di applicazione (integrazione dei principi tecnici dell\u2019equitazione con quelli propri degli intervento educativo), sia per l\u2019ambiente in cui si svolge ( ambiente professionale ma non sanitarizzato che di per s\u00e9 favorisce ed accoglie momenti di libert\u00e0 espressiva).<\/p>\n\n\n\n<div class=\"wp-block-columns is-layout-flex wp-container-core-columns-is-layout-9d6595d7 wp-block-columns-is-layout-flex\">\n<div class=\"wp-block-column is-layout-flow wp-block-column-is-layout-flow\" style=\"flex-basis:33.33%\"><div class=\"wp-block-image\">\n<figure class=\"aligncenter size-full\"><img fetchpriority=\"high\" decoding=\"async\" width=\"266\" height=\"189\" src=\"https:\/\/www.le3querce.com\/wp-content\/uploads\/2024\/11\/riabilitazione-equestre.jpg\" alt=\"\" class=\"wp-image-768\"\/><\/figure>\n<\/div><\/div>\n\n\n\n<div class=\"wp-block-column is-layout-flow wp-block-column-is-layout-flow\" style=\"flex-basis:66.66%\">\n<p>Questo insieme di tecniche sfrutta in vario modo il rapporto che si instaura tra l&#8217;utente ed il cavallo, secondo un programma terapeutico specifico,determina un miglioramento dell\u2019autonomia riducendo le conseguenze di danni motori, sensoriali, cognitivi e comportamentali.<br>Dopo il Congresso Internazionale di Amburgo del 1982, sono state definite tre fasi.<\/p>\n<\/div>\n<\/div>\n\n\n\n<div class=\"wp-block-columns is-layout-flex wp-container-core-columns-is-layout-9d6595d7 wp-block-columns-is-layout-flex\">\n<div class=\"wp-block-column is-layout-flow wp-block-column-is-layout-flow\" style=\"flex-basis:66.66%\">\n<p><strong>Attivit\u00e0 assistita<\/strong><\/p>\n\n\n\n<p>L\u2019 attivit\u00e0 assistita \u00e8 la fase del primo approccio con il cavallo, ma negli handicap psichici gravi non \u00e8 richiesta la partecipazione attiva del soggetto. E\u2019 infatti il cavallo stesso che con la sua andatura ritmica e modulabile, il suo carattere docile ma mai passivo, si presta alla rottura degli schemi patologici: movimenti stereotipati, isolamento, rigidit\u00e0 posturale e aggressivit\u00e0. E\u2019 utilizzata per coloro che pi\u00f9 o meno passivamente, si avvicinano e\/o accettano di montare a cavallo e che durante l\u2019attivit\u00e0 lasciano la possibilit\u00e0 all\u2019operatore di entrare in rapporto con loro. Pu\u00f2 essere integrata, dove \u00e8 possibile, da momenti a terra volti all\u2019accudimento del cavallo.<\/p>\n\n\n\n<p>Richiede un approccio attivo al mondo del cavallo e dell\u2019equitazione, un mondo che si presta in maniera straordinaria all\u2019educazione e\/o rieducazione di tutte le aree cognitive, relazionali e psicomotorie. E\u2019 infatti ricco di situazioni sfruttabili dall\u2019operatore: pensiamo per esempio alla cura dei finimenti e alla pulizia del cavallo per le prassie e le abilit\u00e0 manuali in genere, ma pensiamo anche alla relazione e comunicazione con il cavallo stesso, fatta di gesti e sensazioni cos\u00ec primitive eppure alla base dei normali rapporti interpersonali. Poich\u00e9 questa fase raccoglie una tipologia di casi con competenze e capacit\u00e0 spesso molto diverse tra loro abbiamo sentito l\u2019esigenza di dividerla in due momenti distinti: uno di avvicinamento all\u2019equitazione e l\u2019altro di apprendimento dell\u2019equitazione con l\u2019obiettivo finale del controllo del cavallo e della guida autonoma.<\/p>\n<\/div>\n\n\n\n<div class=\"wp-block-column is-layout-flow wp-block-column-is-layout-flow\" style=\"flex-basis:33.33%\"><div class=\"wp-block-image\">\n<figure class=\"aligncenter size-full is-resized\"><img decoding=\"async\" width=\"400\" height=\"533\" src=\"https:\/\/www.le3querce.com\/wp-content\/uploads\/2024\/11\/ippoterapia.jpg\" alt=\"\" class=\"wp-image-769\" style=\"width:291px;height:auto\" srcset=\"https:\/\/www.le3querce.com\/wp-content\/uploads\/2024\/11\/ippoterapia.jpg 400w, https:\/\/www.le3querce.com\/wp-content\/uploads\/2024\/11\/ippoterapia-225x300.jpg 225w\" sizes=\"(max-width: 400px) 100vw, 400px\" \/><\/figure>\n<\/div><\/div>\n<\/div>\n\n\n\n<p><strong>Equitazione sportiva per disabili<\/strong><\/p>\n\n\n\n<p>Questa fase&nbsp; segna il passaggio ad una situazione integrata sul piano relazionale e sociale. Pu\u00f2 essere svolta attivit\u00e0 agonistica vera e propria.<\/p>\n\n\n\n<p>E\u2019 la fase nella quale il soggetto deve sviluppare la consapevolezza dell\u2019equitazione come disciplina sportiva con tutto ci\u00f2 che questo comporta: la prestazione, la competitivit\u00e0, ma anche un rapporto speciale col cavallo e l\u2019inserimento a pieno titolo in riprese e lavori di maneggio con normodotati, contatto col mondo esterno.<\/p>\n\n\n\n<p>Tale attivit\u00e0 \u00e8 seguita da <a href=\"https:\/\/www.le3querce.com\/?p=716\" data-type=\"post\" data-id=\"716\"><strong>Sara Fattorelli<\/strong><\/a> che, grazie al suo iter curriculare altamente specializzato nel campo, pu\u00f2 proporre per coloro che si avvicinano al mondo del cavallo per la attivit\u00e0 assistita \u00e8 un programma di apprendimento specifico basato su step progressivi che attraversano diverse aree cognitive-relazionali:<\/p>\n\n\n\n<p><strong>Avvicinamento<\/strong><\/p>\n\n\n\n<figure class=\"wp-block-table\"><table class=\"has-fixed-layout\"><tbody><tr><td>&nbsp;Area cognitiva<\/td><td>Conoscenza delle principali parti anatomiche del cavallo, dei finimenti e degli strumenti di pulizia e cura<\/td><\/tr><tr><td>&nbsp;Area relazionale<\/td><td>Riconoscimento dell\u2019individuo \u201ccavallo\u201d, differenziazione dei \u201cse\u201d, rispetto<\/td><\/tr><tr><td>&nbsp;Area della motricit\u00e0<\/td><td>Educazione e controllo della motricit\u00e0 fine, tramite la cura del cavallo e dei finimenti, globale<\/td><\/tr><tr><td>&nbsp;Area del linguaggio<\/td><td>Comprensione e produzione di nomi di oggetti e di comandi semplici<\/td><\/tr><\/tbody><\/table><\/figure>\n\n\n\n<p><strong>Apprendimento<\/strong><\/p>\n\n\n\n<figure class=\"wp-block-table\"><table class=\"has-fixed-layout\"><tbody><tr><td>&nbsp;Area cognitiva<\/td><td>Lavoro sulla conoscenza corporea, sul riconoscimento di figure, movimenti complessi; lavoro e giochi a terra per verificare e fissare quanto appreso<\/td><\/tr><tr><td>&nbsp;Area relazionale<\/td><td>Lavoro in gruppo (riprese),&nbsp;&nbsp;riconoscimento del compagno e lavoro differenziato. Comportamento attivo con il cavallo<\/td><\/tr><tr><td>&nbsp;Area della motricit\u00e0<\/td><td>Lavoro sul tono muscolare, sull\u2019equilibrio, sul ritmo. Lavori sull\u2019acquisizione corporea di posture e movimenti semplici e complessi<\/td><\/tr><tr><td>&nbsp;Area del linguaggio<\/td><td>Comprensione e produzione di comandi semplici e complessi<\/td><\/tr><\/tbody><\/table><\/figure>\n","protected":false},"excerpt":{"rendered":"<p>E\u2019 un tipo di attivit\u00e0 assistita con caratteristiche del tutto peculiari sia per il&#8230;<\/p>\n","protected":false},"author":2,"featured_media":927,"comment_status":"closed","ping_status":"open","sticky":false,"template":"","format":"standard","meta":{"_kad_post_transparent":"","_kad_post_title":"","_kad_post_layout":"","_kad_post_sidebar_id":"","_kad_post_content_style":"","_kad_post_vertical_padding":"","_kad_post_feature":"","_kad_post_feature_position":"","_kad_post_header":false,"_kad_post_footer":false,"footnotes":""},"categories":[45],"tags":[44,7,43,42],"class_list":["post-767","post","type-post","status-publish","format-standard","has-post-thumbnail","hentry","category-attivita-assistita-con-il-cavallo","tag-apprendimento-con-il-cavallo","tag-attivita-assistita-con-il-cavallo","tag-avvicinamento-al-cavallo","tag-equitazione-sportiva-per-disabili"],"yoast_head":"<!-- This site is optimized with the Yoast SEO plugin v25.3 - https:\/\/yoast.com\/wordpress\/plugins\/seo\/ -->\n<title>Attivit\u00e0 assistita con il cavallo - Le 3 Querce a.s.d<\/title>\n<meta name=\"robots\" content=\"index, follow, max-snippet:-1, max-image-preview:large, max-video-preview:-1\" \/>\n<link rel=\"canonical\" href=\"https:\/\/www.le3querce.com\/?p=767\" \/>\n<meta property=\"og:locale\" content=\"it_IT\" \/>\n<meta property=\"og:type\" content=\"article\" \/>\n<meta property=\"og:title\" content=\"Attivit\u00e0 assistita con il cavallo - Le 3 Querce a.s.d\" \/>\n<meta property=\"og:description\" content=\"E\u2019 un tipo di attivit\u00e0 assistita con caratteristiche del tutto peculiari sia per il...\" \/>\n<meta property=\"og:url\" content=\"https:\/\/www.le3querce.com\/?p=767\" \/>\n<meta property=\"og:site_name\" content=\"Le 3 Querce a.s.d\" \/>\n<meta property=\"article:published_time\" content=\"2024-11-12T09:48:01+00:00\" \/>\n<meta property=\"article:modified_time\" content=\"2025-02-27T07:42:22+00:00\" \/>\n<meta property=\"og:image\" content=\"https:\/\/www.le3querce.com\/wp-content\/uploads\/2024\/11\/riabilitazione-equestre-circolo-ippico-le-3-querce.jpg\" \/>\n\t<meta property=\"og:image:width\" content=\"1920\" \/>\n\t<meta property=\"og:image:height\" content=\"715\" \/>\n\t<meta property=\"og:image:type\" content=\"image\/jpeg\" \/>\n<meta name=\"author\" content=\"Bianca Postiglione\" \/>\n<meta name=\"twitter:card\" content=\"summary_large_image\" \/>\n<meta name=\"twitter:label1\" content=\"Scritto da\" \/>\n\t<meta name=\"twitter:data1\" content=\"Bianca Postiglione\" \/>\n\t<meta name=\"twitter:label2\" content=\"Tempo di lettura stimato\" \/>\n\t<meta name=\"twitter:data2\" content=\"3 minuti\" \/>\n<script type=\"application\/ld+json\" class=\"yoast-schema-graph\">{\"@context\":\"https:\/\/schema.org\",\"@graph\":[{\"@type\":\"WebPage\",\"@id\":\"https:\/\/www.le3querce.com\/?p=767\",\"url\":\"https:\/\/www.le3querce.com\/?p=767\",\"name\":\"Attivit\u00e0 assistita con il cavallo - Le 3 Querce a.s.d\",\"isPartOf\":{\"@id\":\"https:\/\/www.le3querce.com\/#website\"},\"primaryImageOfPage\":{\"@id\":\"https:\/\/www.le3querce.com\/?p=767#primaryimage\"},\"image\":{\"@id\":\"https:\/\/www.le3querce.com\/?p=767#primaryimage\"},\"thumbnailUrl\":\"https:\/\/www.le3querce.com\/wp-content\/uploads\/2024\/11\/riabilitazione-equestre-circolo-ippico-le-3-querce.jpg\",\"datePublished\":\"2024-11-12T09:48:01+00:00\",\"dateModified\":\"2025-02-27T07:42:22+00:00\",\"author\":{\"@id\":\"https:\/\/www.le3querce.com\/#\/schema\/person\/2d3a42bea3bd349ccf4fedd3d8b87781\"},\"breadcrumb\":{\"@id\":\"https:\/\/www.le3querce.com\/?p=767#breadcrumb\"},\"inLanguage\":\"it-IT\",\"potentialAction\":[{\"@type\":\"ReadAction\",\"target\":[\"https:\/\/www.le3querce.com\/?p=767\"]}]},{\"@type\":\"ImageObject\",\"inLanguage\":\"it-IT\",\"@id\":\"https:\/\/www.le3querce.com\/?p=767#primaryimage\",\"url\":\"https:\/\/www.le3querce.com\/wp-content\/uploads\/2024\/11\/riabilitazione-equestre-circolo-ippico-le-3-querce.jpg\",\"contentUrl\":\"https:\/\/www.le3querce.com\/wp-content\/uploads\/2024\/11\/riabilitazione-equestre-circolo-ippico-le-3-querce.jpg\",\"width\":1920,\"height\":715},{\"@type\":\"BreadcrumbList\",\"@id\":\"https:\/\/www.le3querce.com\/?p=767#breadcrumb\",\"itemListElement\":[{\"@type\":\"ListItem\",\"position\":1,\"name\":\"Home\",\"item\":\"https:\/\/www.le3querce.com\/\"},{\"@type\":\"ListItem\",\"position\":2,\"name\":\"Attivit\u00e0 assistita con il cavallo\"}]},{\"@type\":\"WebSite\",\"@id\":\"https:\/\/www.le3querce.com\/#website\",\"url\":\"https:\/\/www.le3querce.com\/\",\"name\":\"Le 3 Querce a.s.d\",\"description\":\"Circolo Ippico - Maneggio a Sedime - San Carlo Canavese\",\"potentialAction\":[{\"@type\":\"SearchAction\",\"target\":{\"@type\":\"EntryPoint\",\"urlTemplate\":\"https:\/\/www.le3querce.com\/?s={search_term_string}\"},\"query-input\":{\"@type\":\"PropertyValueSpecification\",\"valueRequired\":true,\"valueName\":\"search_term_string\"}}],\"inLanguage\":\"it-IT\"},{\"@type\":\"Person\",\"@id\":\"https:\/\/www.le3querce.com\/#\/schema\/person\/2d3a42bea3bd349ccf4fedd3d8b87781\",\"name\":\"Bianca Postiglione\",\"image\":{\"@type\":\"ImageObject\",\"inLanguage\":\"it-IT\",\"@id\":\"https:\/\/www.le3querce.com\/#\/schema\/person\/image\/\",\"url\":\"https:\/\/secure.gravatar.com\/avatar\/c3ff514485a55dca79a1ead725b884c5886702f4398c6e6997ae547dbf4866de?s=96&d=mm&r=g\",\"contentUrl\":\"https:\/\/secure.gravatar.com\/avatar\/c3ff514485a55dca79a1ead725b884c5886702f4398c6e6997ae547dbf4866de?s=96&d=mm&r=g\",\"caption\":\"Bianca Postiglione\"},\"url\":\"https:\/\/www.le3querce.com\/?author=2\"}]}<\/script>\n<!-- \/ Yoast SEO plugin. -->","yoast_head_json":{"title":"Attivit\u00e0 assistita con il cavallo - Le 3 Querce a.s.d","robots":{"index":"index","follow":"follow","max-snippet":"max-snippet:-1","max-image-preview":"max-image-preview:large","max-video-preview":"max-video-preview:-1"},"canonical":"https:\/\/www.le3querce.com\/?p=767","og_locale":"it_IT","og_type":"article","og_title":"Attivit\u00e0 assistita con il cavallo - Le 3 Querce a.s.d","og_description":"E\u2019 un tipo di attivit\u00e0 assistita con caratteristiche del tutto peculiari sia per il...","og_url":"https:\/\/www.le3querce.com\/?p=767","og_site_name":"Le 3 Querce a.s.d","article_published_time":"2024-11-12T09:48:01+00:00","article_modified_time":"2025-02-27T07:42:22+00:00","og_image":[{"width":1920,"height":715,"url":"https:\/\/www.le3querce.com\/wp-content\/uploads\/2024\/11\/riabilitazione-equestre-circolo-ippico-le-3-querce.jpg","type":"image\/jpeg"}],"author":"Bianca Postiglione","twitter_card":"summary_large_image","twitter_misc":{"Scritto da":"Bianca Postiglione","Tempo di lettura stimato":"3 minuti"},"schema":{"@context":"https:\/\/schema.org","@graph":[{"@type":"WebPage","@id":"https:\/\/www.le3querce.com\/?p=767","url":"https:\/\/www.le3querce.com\/?p=767","name":"Attivit\u00e0 assistita con il cavallo - Le 3 Querce a.s.d","isPartOf":{"@id":"https:\/\/www.le3querce.com\/#website"},"primaryImageOfPage":{"@id":"https:\/\/www.le3querce.com\/?p=767#primaryimage"},"image":{"@id":"https:\/\/www.le3querce.com\/?p=767#primaryimage"},"thumbnailUrl":"https:\/\/www.le3querce.com\/wp-content\/uploads\/2024\/11\/riabilitazione-equestre-circolo-ippico-le-3-querce.jpg","datePublished":"2024-11-12T09:48:01+00:00","dateModified":"2025-02-27T07:42:22+00:00","author":{"@id":"https:\/\/www.le3querce.com\/#\/schema\/person\/2d3a42bea3bd349ccf4fedd3d8b87781"},"breadcrumb":{"@id":"https:\/\/www.le3querce.com\/?p=767#breadcrumb"},"inLanguage":"it-IT","potentialAction":[{"@type":"ReadAction","target":["https:\/\/www.le3querce.com\/?p=767"]}]},{"@type":"ImageObject","inLanguage":"it-IT","@id":"https:\/\/www.le3querce.com\/?p=767#primaryimage","url":"https:\/\/www.le3querce.com\/wp-content\/uploads\/2024\/11\/riabilitazione-equestre-circolo-ippico-le-3-querce.jpg","contentUrl":"https:\/\/www.le3querce.com\/wp-content\/uploads\/2024\/11\/riabilitazione-equestre-circolo-ippico-le-3-querce.jpg","width":1920,"height":715},{"@type":"BreadcrumbList","@id":"https:\/\/www.le3querce.com\/?p=767#breadcrumb","itemListElement":[{"@type":"ListItem","position":1,"name":"Home","item":"https:\/\/www.le3querce.com\/"},{"@type":"ListItem","position":2,"name":"Attivit\u00e0 assistita con il cavallo"}]},{"@type":"WebSite","@id":"https:\/\/www.le3querce.com\/#website","url":"https:\/\/www.le3querce.com\/","name":"Le 3 Querce a.s.d","description":"Circolo Ippico - Maneggio a Sedime - San Carlo Canavese","potentialAction":[{"@type":"SearchAction","target":{"@type":"EntryPoint","urlTemplate":"https:\/\/www.le3querce.com\/?s={search_term_string}"},"query-input":{"@type":"PropertyValueSpecification","valueRequired":true,"valueName":"search_term_string"}}],"inLanguage":"it-IT"},{"@type":"Person","@id":"https:\/\/www.le3querce.com\/#\/schema\/person\/2d3a42bea3bd349ccf4fedd3d8b87781","name":"Bianca Postiglione","image":{"@type":"ImageObject","inLanguage":"it-IT","@id":"https:\/\/www.le3querce.com\/#\/schema\/person\/image\/","url":"https:\/\/secure.gravatar.com\/avatar\/c3ff514485a55dca79a1ead725b884c5886702f4398c6e6997ae547dbf4866de?s=96&d=mm&r=g","contentUrl":"https:\/\/secure.gravatar.com\/avatar\/c3ff514485a55dca79a1ead725b884c5886702f4398c6e6997ae547dbf4866de?s=96&d=mm&r=g","caption":"Bianca Postiglione"},"url":"https:\/\/www.le3querce.com\/?author=2"}]}},"_links":{"self":[{"href":"https:\/\/www.le3querce.com\/index.php?rest_route=\/wp\/v2\/posts\/767","targetHints":{"allow":["GET"]}}],"collection":[{"href":"https:\/\/www.le3querce.com\/index.php?rest_route=\/wp\/v2\/posts"}],"about":[{"href":"https:\/\/www.le3querce.com\/index.php?rest_route=\/wp\/v2\/types\/post"}],"author":[{"embeddable":true,"href":"https:\/\/www.le3querce.com\/index.php?rest_route=\/wp\/v2\/users\/2"}],"replies":[{"embeddable":true,"href":"https:\/\/www.le3querce.com\/index.php?rest_route=%2Fwp%2Fv2%2Fcomments&post=767"}],"version-history":[{"count":2,"href":"https:\/\/www.le3querce.com\/index.php?rest_route=\/wp\/v2\/posts\/767\/revisions"}],"predecessor-version":[{"id":1084,"href":"https:\/\/www.le3querce.com\/index.php?rest_route=\/wp\/v2\/posts\/767\/revisions\/1084"}],"wp:featuredmedia":[{"embeddable":true,"href":"https:\/\/www.le3querce.com\/index.php?rest_route=\/wp\/v2\/media\/927"}],"wp:attachment":[{"href":"https:\/\/www.le3querce.com\/index.php?rest_route=%2Fwp%2Fv2%2Fmedia&parent=767"}],"wp:term":[{"taxonomy":"category","embeddable":true,"href":"https:\/\/www.le3querce.com\/index.php?rest_route=%2Fwp%2Fv2%2Fcategories&post=767"},{"taxonomy":"post_tag","embeddable":true,"href":"https:\/\/www.le3querce.com\/index.php?rest_route=%2Fwp%2Fv2%2Ftags&post=767"}],"curies":[{"name":"wp","href":"https:\/\/api.w.org\/{rel}","templated":true}]}}